{"id":460,"date":"2023-10-30T14:32:36","date_gmt":"2023-10-30T13:32:36","guid":{"rendered":"http:\/\/tierslien.com\/?p=460"},"modified":"2023-10-30T14:32:37","modified_gmt":"2023-10-30T13:32:37","slug":"tiers-lien-militant-a-lalbergerie","status":"publish","type":"post","link":"https:\/\/tierslien.com\/index.php\/2023\/10\/30\/tiers-lien-militant-a-lalbergerie\/","title":{"rendered":"Tiers Lien militant \u00e0 l&rsquo;Albergerie"},"content":{"rendered":"\n<figure class=\"wp-block-image size-large\"><img loading=\"lazy\" width=\"1024\" height=\"577\" src=\"http:\/\/tierslien.com\/wp-content\/uploads\/2023\/10\/IMG_20231016_173038_1920x1080-1024x577.jpg\" alt=\"\" class=\"wp-image-461\" srcset=\"https:\/\/tierslien.com\/wp-content\/uploads\/2023\/10\/IMG_20231016_173038_1920x1080-1024x577.jpg 1024w, https:\/\/tierslien.com\/wp-content\/uploads\/2023\/10\/IMG_20231016_173038_1920x1080-300x169.jpg 300w, https:\/\/tierslien.com\/wp-content\/uploads\/2023\/10\/IMG_20231016_173038_1920x1080-768x432.jpg 768w, https:\/\/tierslien.com\/wp-content\/uploads\/2023\/10\/IMG_20231016_173038_1920x1080-1536x865.jpg 1536w, https:\/\/tierslien.com\/wp-content\/uploads\/2023\/10\/IMG_20231016_173038_1920x1080-1200x676.jpg 1200w, https:\/\/tierslien.com\/wp-content\/uploads\/2023\/10\/IMG_20231016_173038_1920x1080.jpg 1918w\" sizes=\"(max-width: 709px) 85vw, (max-width: 909px) 67vw, (max-width: 1362px) 62vw, 840px\" \/><figcaption>Photo J-M Viel<\/figcaption><\/figure>\n\n\n\n<p id=\"ember1458\">Dans le cadre du \u00ab\u00a0mois de l&rsquo;ESS\u00a0\u00bb, AIRS \/ L&rsquo;Albergerie invite <strong>dimanche 5 novembre<\/strong> les acteurs-chercheurs de l&rsquo;\u00e9ducation populaire et tou\u2e31te\u2e31s citoyen\u2e31nes concern\u00e9\u2e31es par le vivre ensemble.<\/p>\n\n\n\n<p id=\"ember1459\">Nous \u00e9changerons sur les espaces de rencontres et les modalit\u00e9s de <strong>r\u00e9-invention du lien social au XXIe si\u00e8cle<\/strong>, entre lieux institu\u00e9s, tiers-lieux et espaces-temps informels. Quelles libert\u00e9s d&rsquo;in(ter)vention, quelles contraintes ? Quelles \u00ab\u00a0luttes\u00a0\u00bb explicites ou sous-jacentes ? Comment les savoirs d&rsquo;exp\u00e9rience nourrissent-ils les savoirs du lien ?<\/p>\n\n\n\n<p id=\"ember1460\">Nous (<a href=\"https:\/\/www.linkedin.com\/in\/jean-michel-viel-66025b1aa\/\">Jean-Michel Viel <\/a>et <a rel=\"noreferrer noopener\" href=\"https:\/\/www.linkedin.com\/in\/thierrymerle?miniProfileUrn=urn%3Ali%3Afs_miniProfile%3AACoAAABIeacBDRH_AasFV8KDzPRo05Mb5bDKwoc\" target=\"_blank\">Thierry Merle<\/a>) partagerons nos retours d&rsquo;exp\u00e9riences de l&rsquo;<a href=\"https:\/\/mouvementutopia.org\/site\/universite-utopia-2022\/\">Universit\u00e9 Utopia des 26-29\/10,<\/a> de l&rsquo;Universit\u00e9 des mouvements sociaux et des solidarit\u00e9s (<a href=\"https:\/\/www.uemss.org\/\">UEMSS<\/a>) de fin ao\u00fbt, et de <a href=\"https:\/\/archipel-confluences.org\/WikiAdC\/?PagePrincipale\">l&rsquo;Archipel des confluences<\/a>, et vous invitons \u00e9videmment \u00e0 apporter vos propres moissons (et \u00e9ventuellement quelque chose de plus nutritif \u00e0 partager).<\/p>\n\n\n\n<p id=\"ember1461\">Temps d&rsquo;\u00e9change largement informels, en fonction des pr\u00e9sent\u2e31e\u2e31s et une exp\u00e9rimentation de cercles \u00ab\u00a0Tiers Lien\u00a0\u00bb \u00e0 15H.<\/p>\n\n\n\n<p id=\"ember1462\"><strong>O\u00f9 ? <\/strong>11 la vall\u00e9e, 22640 Plestan (\u00e0 200 m de la gare mais peu de trains le dimanche) <a href=\"https:\/\/www.google.fr\/maps\/place\/L'+albergerie\/@48.4243226,-2.4583681,15.75z\/data=!4m6!3m5!1s0x480e15894814d427:0x8cf4577ee9bacf8d!8m2!3d48.423464!4d-2.446598!16s%2Fg%2F11k4k46w84?entry=ttu\">Plan d&rsquo;acc\u00e8s<\/a><\/p>\n\n\n\n<p id=\"ember1463\"><strong>Quand ?<\/strong> Dimanche 5\/11, passez quand vous voulez entre 10h et 17h, pas d&rsquo;inscription n\u00e9cessaire.<\/p>\n\n\n\n<p id=\"ember1464\"><a href=\"https:\/\/togetzer.com\/covoiturage-evenement\/v4otva\">Offres \/ demandes de covoiturage<\/a> (de Rennes notamment)<\/p>\n","protected":false},"excerpt":{"rendered":"<p>Dans le cadre du \u00ab\u00a0mois de l&rsquo;ESS\u00a0\u00bb, AIRS \/ L&rsquo;Albergerie invite dimanche 5 novembre les acteurs-chercheurs de l&rsquo;\u00e9ducation populaire et tou\u2e31te\u2e31s citoyen\u2e31nes concern\u00e9\u2e31es par le vivre ensemble. Nous \u00e9changerons sur les espaces de rencontres et les modalit\u00e9s de r\u00e9-invention du lien social au XXIe si\u00e8cle, entre lieux institu\u00e9s, tiers-lieux et espaces-temps informels. Quelles libert\u00e9s d&rsquo;in(ter)vention, &hellip; <a href=\"https:\/\/tierslien.com\/index.php\/2023\/10\/30\/tiers-lien-militant-a-lalbergerie\/\" class=\"more-link\">Continuer la lecture<span class=\"screen-reader-text\"> de &laquo;&nbsp;Tiers Lien militant \u00e0 l&rsquo;Albergerie&nbsp;&raquo;<\/span><\/a><\/p>\n","protected":false},"author":1,"featured_media":0,"comment_status":"open","ping_status":"open","sticky":false,"template":"","format":"standard","meta":[],"categories":[1],"tags":[16,15],"_links":{"self":[{"href":"https:\/\/tierslien.com\/index.php\/wp-json\/wp\/v2\/posts\/460"}],"collection":[{"href":"https:\/\/tierslien.com\/index.php\/wp-json\/wp\/v2\/posts"}],"about":[{"href":"https:\/\/tierslien.com\/index.php\/wp-json\/wp\/v2\/types\/post"}],"author":[{"embeddable":true,"href":"https:\/\/tierslien.com\/index.php\/wp-json\/wp\/v2\/users\/1"}],"replies":[{"embeddable":true,"href":"https:\/\/tierslien.com\/index.php\/wp-json\/wp\/v2\/comments?post=460"}],"version-history":[{"count":1,"href":"https:\/\/tierslien.com\/index.php\/wp-json\/wp\/v2\/posts\/460\/revisions"}],"predecessor-version":[{"id":462,"href":"https:\/\/tierslien.com\/index.php\/wp-json\/wp\/v2\/posts\/460\/revisions\/462"}],"wp:attachment":[{"href":"https:\/\/tierslien.com\/index.php\/wp-json\/wp\/v2\/media?parent=460"}],"wp:term":[{"taxonomy":"category","embeddable":true,"href":"https:\/\/tierslien.com\/index.php\/wp-json\/wp\/v2\/categories?post=460"},{"taxonomy":"post_tag","embeddable":true,"href":"https:\/\/tierslien.com\/index.php\/wp-json\/wp\/v2\/tags?post=460"}],"curies":[{"name":"wp","href":"https:\/\/api.w.org\/{rel}","templated":true}]}}