{"id":643,"date":"2026-04-29T16:35:16","date_gmt":"2026-04-29T14:35:16","guid":{"rendered":"https:\/\/tierslien.com\/?p=643"},"modified":"2026-04-29T23:34:32","modified_gmt":"2026-04-29T21:34:32","slug":"13-14-15-mai-2026-trois-rendez-vous-du-kiosque-citoyen","status":"publish","type":"post","link":"https:\/\/tierslien.com\/index.php\/2026\/04\/29\/13-14-15-mai-2026-trois-rendez-vous-du-kiosque-citoyen\/","title":{"rendered":"13-14-15 mai 2026 : Trois rendez-vous du Kiosque Citoyen"},"content":{"rendered":"\n<p>Apr\u00e8s une nouvelle co-op\u00e9ration Tiers Lien + AIRS au <a href=\"https:\/\/rennes.alternatiba.eu\/village-des-possibles-2026\/\">Village des possibles<\/a> le week-end dernier, voici les prochaines dates et lieux de rencontres, dans le cadre du <a href=\"https:\/\/fabriquecitoyenne.fr\/events?theme=714af978-f127-11f0-bf69-0242ac110002\">Printemps Citoyen 2026<\/a>.<\/p>\n\n\n\n<p><em>(Merci \u00e0 celles qui nous ont accompagn\u00e9s dans le labyrinthe administratif pour l&rsquo;occupation du domaine public !) <\/em><\/p>\n\n\n\n<figure class=\"wp-block-image size-large\"><img loading=\"lazy\" decoding=\"async\" width=\"1024\" height=\"576\" src=\"https:\/\/tierslien.com\/wp-content\/uploads\/2026\/04\/IMG_20260426_Kiosque-Village-des-possibles-1024x576.jpg\" alt=\"\" class=\"wp-image-644\" srcset=\"https:\/\/tierslien.com\/wp-content\/uploads\/2026\/04\/IMG_20260426_Kiosque-Village-des-possibles-1024x576.jpg 1024w, https:\/\/tierslien.com\/wp-content\/uploads\/2026\/04\/IMG_20260426_Kiosque-Village-des-possibles-300x169.jpg 300w, https:\/\/tierslien.com\/wp-content\/uploads\/2026\/04\/IMG_20260426_Kiosque-Village-des-possibles-768x432.jpg 768w, https:\/\/tierslien.com\/wp-content\/uploads\/2026\/04\/IMG_20260426_Kiosque-Village-des-possibles-1536x864.jpg 1536w, https:\/\/tierslien.com\/wp-content\/uploads\/2026\/04\/IMG_20260426_Kiosque-Village-des-possibles-2048x1152.jpg 2048w, https:\/\/tierslien.com\/wp-content\/uploads\/2026\/04\/IMG_20260426_Kiosque-Village-des-possibles-1200x675.jpg 1200w\" sizes=\"auto, (max-width: 709px) 85vw, (max-width: 909px) 67vw, (max-width: 1362px) 62vw, 840px\" \/><\/figure>\n\n\n\n<p>Kiosque citoyen du dimanche 26\/04\/26 au Village des Possibles<\/p>\n\n\n\n<p>Ce sera avant, pendant et apr\u00e8s le jeudi de l\u2019ascension, dans trois quartiers diff\u00e9rents de Rennes :<\/p>\n\n\n\n<blockquote class=\"wp-block-quote is-layout-flow wp-block-quote-is-layout-flow\">\n<ul class=\"wp-block-list\">\n<li>Mercredi 13 mai : Place Hoche<\/li>\n\n\n\n<li>Jeudi 14 mai : Parc des Gayeulles, pr\u00e9au \u00ab\u00a0la casquette\u00a0\u00bb<\/li>\n\n\n\n<li>Vendredi 15 mai : Le Blosne, Halle Agn\u00e8s Tirop<\/li>\n<\/ul>\n<\/blockquote>\n\n\n\n<p><strong>De 10h \u00e0 18h,<\/strong> passage libre pour 5 minutes, 1\/2 heure ou plus&nbsp;!<\/p>\n\n\n\n<p>Nous reprenons les m\u00eames intentions et ingr\u00e9dients que l&rsquo;an dernier :<\/p>\n\n\n\n<ul class=\"wp-block-list\">\n<li><strong>Une \u00ab<\/strong> <strong>Librairie \u00e9ph\u00e9m\u00e8re \u00bb pour s\u2019informer, voir plus large<\/strong>\u2026, o\u00f9 la Coop\u00e9rative Civique <em>Ar Pemp Hent<\/em> proposera revues et lectures invitant \u00e0 la r\u00e9flexion. <\/li>\n\n\n\n<li><strong>Une pr\u00e9sentation de collectifs civiques <\/strong>engag\u00e9s en Bretagne et ailleurs<\/li>\n\n\n\n<li><strong>Des dialogues en petit groupe<\/strong>, fa\u00e7on \u00ab&nbsp;TIERS LIEN&nbsp;\u00bb : cercles de partage et d&rsquo;\u00e9coute dans un cadre de s\u00e9curit\u00e9.<\/li>\n\n\n\n<li><strong>La construction d\u2019une Fresque du Buen Vivir <\/strong>en partant d\u2019une version \u00ab&nbsp;vierge&nbsp;\u00bb pour ces 3 jours, exploration \u00e9ventuelle de versions ant\u00e9rieures plus \u00ab&nbsp;construites&nbsp;\u00bb<\/li>\n<\/ul>\n\n\n\n<p>Pour faciliter la rencontre entre celles et ceux qui pourront s&rsquo;arr\u00eater un moment, nous proposons quelques cr\u00e9neaux horaires privil\u00e9gi\u00e9s pour d\u00e9marrer les \u00ab\u00a0petits groupes\u00a0\u00bb :<strong> 11H30, 14H30, 15H45, 17H00<\/strong>. Pr\u00e9voir 30 \u00e0 45&prime; de pr\u00e9sence, sans obligation de rester si \u00e7a ne vous convient pas ! \u00c9videmment, d&rsquo;autres rencontres plus spontan\u00e9es sont \u00e9galement bienvenues.<\/p>\n\n\n\n<p>Jean-Michel, pour sa part, installera \u00e9galement toute la partie \u00ab\u00a0information et mobilisation de la soci\u00e9t\u00e9 civique\u00a0\u00bb en itin\u00e9rance au-del\u00e0 de ces trois dates :<\/p>\n\n\n\n<blockquote class=\"wp-block-quote is-layout-flow wp-block-quote-is-layout-flow\">\n<p>Du 16 au 22 Mai \u00c9cluses tout au long de <a href=\"https:\/\/etonnantvoyage.org\/\">l\u2019\u00c9tonnant Voyage<\/a><\/p>\n\n\n\n<p>Samedi 23 mai Halle Agn\u00e8s Tirop (sous r\u00e9serve)<\/p>\n\n\n\n<p>Dimanche 24 mai \u00c9cluse de Cic\u00e9 (Bruz)<\/p>\n\n\n\n<p>Lundi 25 mai Place du Parlement (Rennes)<\/p>\n<\/blockquote>\n\n\n\n<ul class=\"wp-block-list\"><\/ul>\n\n\n\n<figure class=\"wp-block-pullquote\"><blockquote><p>Et toujours&#8230; <br>ACTIVIT\u00c9 GARANTIE SANS INTELLIGENCE ARTIFICIELLE<\/p><cite>Invitez vos amis (et vos meilleurs ennemis ?) gr\u00e2ce au flyer t\u00e9l\u00e9chargeable ci-dessous:<\/cite><\/blockquote><\/figure>\n\n\n\n<p class=\"has-text-align-center\"><em><a href=\"http:\/\/tierslien.com\/wp-content\/uploads\/2026\/04\/Flyer-Kiosque-2026-complet-4-A6.pdf\">T\u00e9l\u00e9charger la version pdf 4 x A6 pour donner \u00e0 vos amis<\/a><\/em><\/p>\n\n\n\n<figure class=\"wp-block-image size-full\"><img loading=\"lazy\" decoding=\"async\" width=\"631\" height=\"861\" src=\"http:\/\/tierslien.com\/wp-content\/uploads\/2026\/04\/Flyer-Kiosque-Citoyen-2026.png\" alt=\"\" class=\"wp-image-666\" srcset=\"https:\/\/tierslien.com\/wp-content\/uploads\/2026\/04\/Flyer-Kiosque-Citoyen-2026.png 631w, https:\/\/tierslien.com\/wp-content\/uploads\/2026\/04\/Flyer-Kiosque-Citoyen-2026-220x300.png 220w\" sizes=\"auto, (max-width: 709px) 85vw, (max-width: 909px) 67vw, (max-width: 984px) 61vw, (max-width: 1362px) 45vw, 600px\" \/><\/figure>\n\n\n\n<p class=\"has-text-align-center\">Une question ? Un commentaire ? <br>C&rsquo;est possible ci-dessous ou via le formulaire contact !<\/p>\n","protected":false},"excerpt":{"rendered":"<p>Apr\u00e8s une nouvelle co-op\u00e9ration Tiers Lien + AIRS au Village des possibles le week-end dernier, voici les prochaines dates et lieux de rencontres, dans le cadre du Printemps Citoyen 2026. (Merci \u00e0 celles qui nous ont accompagn\u00e9s dans le labyrinthe administratif pour l&rsquo;occupation du domaine public !) Kiosque citoyen du dimanche 26\/04\/26 au Village des &hellip; <a href=\"https:\/\/tierslien.com\/index.php\/2026\/04\/29\/13-14-15-mai-2026-trois-rendez-vous-du-kiosque-citoyen\/\" class=\"more-link\">Continuer la lecture<span class=\"screen-reader-text\"> de &laquo;&nbsp;13-14-15 mai 2026 : Trois rendez-vous du Kiosque Citoyen&nbsp;&raquo;<\/span><\/a><\/p>\n","protected":false},"author":1,"featured_media":0,"comment_status":"open","ping_status":"open","sticky":false,"template":"","format":"standard","meta":{"footnotes":""},"categories":[1],"tags":[15,30],"class_list":["post-643","post","type-post","status-publish","format-standard","hentry","category-non-classe","tag-rencontres","tag-rennes"],"_links":{"self":[{"href":"https:\/\/tierslien.com\/index.php\/wp-json\/wp\/v2\/posts\/643","targetHints":{"allow":["GET"]}}],"collection":[{"href":"https:\/\/tierslien.com\/index.php\/wp-json\/wp\/v2\/posts"}],"about":[{"href":"https:\/\/tierslien.com\/index.php\/wp-json\/wp\/v2\/types\/post"}],"author":[{"embeddable":true,"href":"https:\/\/tierslien.com\/index.php\/wp-json\/wp\/v2\/users\/1"}],"replies":[{"embeddable":true,"href":"https:\/\/tierslien.com\/index.php\/wp-json\/wp\/v2\/comments?post=643"}],"version-history":[{"count":12,"href":"https:\/\/tierslien.com\/index.php\/wp-json\/wp\/v2\/posts\/643\/revisions"}],"predecessor-version":[{"id":670,"href":"https:\/\/tierslien.com\/index.php\/wp-json\/wp\/v2\/posts\/643\/revisions\/670"}],"wp:attachment":[{"href":"https:\/\/tierslien.com\/index.php\/wp-json\/wp\/v2\/media?parent=643"}],"wp:term":[{"taxonomy":"category","embeddable":true,"href":"https:\/\/tierslien.com\/index.php\/wp-json\/wp\/v2\/categories?post=643"},{"taxonomy":"post_tag","embeddable":true,"href":"https:\/\/tierslien.com\/index.php\/wp-json\/wp\/v2\/tags?post=643"}],"curies":[{"name":"wp","href":"https:\/\/api.w.org\/{rel}","templated":true}]}}